{"id":2777,"date":"2022-06-23T14:12:32","date_gmt":"2022-06-23T12:12:32","guid":{"rendered":"https:\/\/scaleimpact.hu\/social-impact-a-value-chain-approach\/"},"modified":"2024-01-30T16:46:34","modified_gmt":"2024-01-30T15:46:34","slug":"social-impact-a-value-chain-approach","status":"publish","type":"post","link":"https:\/\/scaleimpact.hu\/en\/social-impact-a-value-chain-approach\/","title":{"rendered":"Social impact: a value chain approach"},"content":{"rendered":"\n<p><strong>How can we achieve social impact while both companies and non-profit organisations are thinking along the same value chain (and value creation)?<\/strong><\/p>\n\n<p><a href=\"https:\/\/szamlazzhupark.hu\/csr-suti-karacsonyra-tarsadalmi-hatast-teremteni-erteklanc-szemlelettel\/\" target=\"_blank\" rel=\"noreferrer noopener\">In the guest article of<\/a> Sz\u00e1ml\u00e1zz.hu PARK we &#8220;expose&#8221; the drawbacks of traditional CSR:  <\/p>\n\n<ul class=\"wp-block-list\"><li>on the corporate side, real value creation does not necessarily happen when we engage in ad hoc donation projects without a strategy,<\/li><li>and as a non-profit, we join the same long queue of companies to get funding from the usual year-end giving budget.<\/li><\/ul>\n\n<p>In fact, we need to think in terms of the same value chain on both sides, as we operate in the same social and economic ecosystem, whether as for-profit or civil actors.  <\/p>\n\n<p>We are all affected by structural labour shortages, for example, which we <strong>can find common solutions to by working together<\/strong>, but it is also vital on both sides to see the <strong>impact of <\/strong>how we run our social engagement programmes. The answer to the latter is (as usual) impact measurement, and for the former you can read G\u00e1bor L\u00e9vai&#8217;s article for illustrative examples:  <\/p>\n\n<figure class=\"wp-block-embed is-type-wp-embed is-provider-szamlazz-hu-park wp-block-embed-szamlazz-hu-park\"><div class=\"wp-block-embed__wrapper\">\nhttps:\/\/szamlazzhupark.hu\/csr-suti-karacsonyra-tarsadalmi-hatast-teremteni-erteklanc-szemlelettel\/\n<\/div><\/figure>\n\n<h2 class=\"wp-block-heading\">From the article:  <\/h2>\n\n<ul class=\"wp-block-list\"><li>What is the <strong>\n  <em>not<\/em>\n<\/strong> effective social responsibility?<\/li><li>What do we propose to replace the outdated solutions we are used to?<\/li><li>What does this look like for a traditional manufacturing company or a digital products company?<\/li><li>What is the ideal &#8211; stakeholder-based &#8211; collaboration between non-profit and for-profit organisations?<\/li><li>How do we work with non-profit organisations to adopt value chain thinking?<\/li><li>Impact measurement: what is in the best interest of both parties involved<\/li><\/ul>\n\n<h3 class=\"wp-block-heading\">Read the full article, and if you want to grow as a non-profit organisation to achieve greater social impact, apply  <a href=\"https:\/\/scaleimpact.hu\/en\/step-one\/\" target=\"_blank\" rel=\"noreferrer noopener\">2022. our autumn nonprofit development application<\/a>!<\/h3>\n","protected":false},"excerpt":{"rendered":"<p>How can we achieve social impact by thinking in terms of shared value chains (and value creation) between companies and non-profits?<\/p>\n","protected":false},"author":6,"featured_media":2287,"comment_status":"closed","ping_status":"closed","sticky":false,"template":"","format":"standard","meta":{"footnotes":""},"categories":[73],"tags":[],"class_list":["post-2777","post","type-post","status-publish","format-standard","has-post-thumbnail","hentry","category-uncategorized"],"yoast_head":"<!-- This site is optimized with the Yoast SEO plugin v27.2 - https:\/\/yoast.com\/product\/yoast-seo-wordpress\/ -->\n<title>Social impact: a value chain approach &#8211; Scale Impact<\/title>\n<meta name=\"description\" content=\"How can we achieve social impact by thinking in terms of shared value chains (and value creation) between companies and non-profits?\" \/>\n<meta name=\"robots\" content=\"index, follow, max-snippet:-1, max-image-preview:large, max-video-preview:-1\" \/>\n<link rel=\"canonical\" href=\"https:\/\/scaleimpact.hu\/en\/social-impact-a-value-chain-approach\/\" \/>\n<meta property=\"og:locale\" content=\"en_US\" \/>\n<meta property=\"og:type\" content=\"article\" \/>\n<meta property=\"og:title\" content=\"Social impact: a value chain approach &#8211; Scale Impact\" \/>\n<meta property=\"og:description\" content=\"How can we achieve social impact by thinking in terms of shared value chains (and value creation) between companies and non-profits?\" \/>\n<meta property=\"og:url\" content=\"https:\/\/scaleimpact.hu\/en\/social-impact-a-value-chain-approach\/\" \/>\n<meta property=\"og:site_name\" content=\"Scale Impact\" \/>\n<meta property=\"article:publisher\" content=\"https:\/\/www.facebook.com\/Scaleimp\/\" \/>\n<meta property=\"article:published_time\" content=\"2022-06-23T12:12:32+00:00\" \/>\n<meta property=\"article:modified_time\" content=\"2024-01-30T15:46:34+00:00\" \/>\n<meta property=\"og:image\" content=\"https:\/\/scaleimpact.hu\/wp-content\/uploads\/2022\/06\/Scale-Impact-posztok-4.png\" \/>\n\t<meta property=\"og:image:width\" content=\"1200\" \/>\n\t<meta property=\"og:image:height\" content=\"628\" \/>\n\t<meta property=\"og:image:type\" content=\"image\/png\" \/>\n<meta name=\"author\" content=\"L\u00e9vai G\u00e1bor\" \/>\n<meta name=\"twitter:card\" content=\"summary_large_image\" \/>\n<meta name=\"twitter:label1\" content=\"Written by\" \/>\n\t<meta name=\"twitter:data1\" content=\"L\u00e9vai G\u00e1bor\" \/>\n\t<meta name=\"twitter:label2\" content=\"Est. reading time\" \/>\n\t<meta name=\"twitter:data2\" content=\"1 minute\" \/>\n<script type=\"application\/ld+json\" class=\"yoast-schema-graph\">{\"@context\":\"https:\/\/schema.org\",\"@graph\":[{\"@type\":\"Article\",\"@id\":\"https:\/\/scaleimpact.hu\/en\/social-impact-a-value-chain-approach\/#article\",\"isPartOf\":{\"@id\":\"https:\/\/scaleimpact.hu\/en\/social-impact-a-value-chain-approach\/\"},\"author\":{\"name\":\"L\u00e9vai G\u00e1bor\",\"@id\":\"https:\/\/scaleimpact.hu\/en\/#\/schema\/person\/e5fe6ced012fa941ce9c6e9f255c3007\"},\"headline\":\"Social impact: a value chain approach\",\"datePublished\":\"2022-06-23T12:12:32+00:00\",\"dateModified\":\"2024-01-30T15:46:34+00:00\",\"mainEntityOfPage\":{\"@id\":\"https:\/\/scaleimpact.hu\/en\/social-impact-a-value-chain-approach\/\"},\"wordCount\":290,\"publisher\":{\"@id\":\"https:\/\/scaleimpact.hu\/en\/#organization\"},\"image\":{\"@id\":\"https:\/\/scaleimpact.hu\/en\/social-impact-a-value-chain-approach\/#primaryimage\"},\"thumbnailUrl\":\"https:\/\/scaleimpact.hu\/wp-content\/uploads\/2022\/06\/Scale-Impact-posztok-4.png\",\"inLanguage\":\"en-US\"},{\"@type\":\"WebPage\",\"@id\":\"https:\/\/scaleimpact.hu\/en\/social-impact-a-value-chain-approach\/\",\"url\":\"https:\/\/scaleimpact.hu\/en\/social-impact-a-value-chain-approach\/\",\"name\":\"Social impact: a value chain approach &#8211; Scale Impact\",\"isPartOf\":{\"@id\":\"https:\/\/scaleimpact.hu\/en\/#website\"},\"primaryImageOfPage\":{\"@id\":\"https:\/\/scaleimpact.hu\/en\/social-impact-a-value-chain-approach\/#primaryimage\"},\"image\":{\"@id\":\"https:\/\/scaleimpact.hu\/en\/social-impact-a-value-chain-approach\/#primaryimage\"},\"thumbnailUrl\":\"https:\/\/scaleimpact.hu\/wp-content\/uploads\/2022\/06\/Scale-Impact-posztok-4.png\",\"datePublished\":\"2022-06-23T12:12:32+00:00\",\"dateModified\":\"2024-01-30T15:46:34+00:00\",\"description\":\"How can we achieve social impact by thinking in terms of shared value chains (and value creation) between companies and non-profits?\",\"breadcrumb\":{\"@id\":\"https:\/\/scaleimpact.hu\/en\/social-impact-a-value-chain-approach\/#breadcrumb\"},\"inLanguage\":\"en-US\",\"potentialAction\":[{\"@type\":\"ReadAction\",\"target\":[\"https:\/\/scaleimpact.hu\/en\/social-impact-a-value-chain-approach\/\"]}]},{\"@type\":\"ImageObject\",\"inLanguage\":\"en-US\",\"@id\":\"https:\/\/scaleimpact.hu\/en\/social-impact-a-value-chain-approach\/#primaryimage\",\"url\":\"https:\/\/scaleimpact.hu\/wp-content\/uploads\/2022\/06\/Scale-Impact-posztok-4.png\",\"contentUrl\":\"https:\/\/scaleimpact.hu\/wp-content\/uploads\/2022\/06\/Scale-Impact-posztok-4.png\",\"width\":1200,\"height\":628},{\"@type\":\"BreadcrumbList\",\"@id\":\"https:\/\/scaleimpact.hu\/en\/social-impact-a-value-chain-approach\/#breadcrumb\",\"itemListElement\":[{\"@type\":\"ListItem\",\"position\":1,\"name\":\"Kezd\u0151lap\",\"item\":\"https:\/\/scaleimpact.hu\/en\/\"},{\"@type\":\"ListItem\",\"position\":2,\"name\":\"Social impact: a value chain approach\"}]},{\"@type\":\"WebSite\",\"@id\":\"https:\/\/scaleimpact.hu\/en\/#website\",\"url\":\"https:\/\/scaleimpact.hu\/en\/\",\"name\":\"Scale Impact\",\"description\":\"V\u00e1llalatok \u00e9s nonprofit szervezetek egy\u00fcttm\u0171k\u00f6d\u00e9s\u00e9t seg\u00edtj\u00fck.\",\"publisher\":{\"@id\":\"https:\/\/scaleimpact.hu\/en\/#organization\"},\"potentialAction\":[{\"@type\":\"SearchAction\",\"target\":{\"@type\":\"EntryPoint\",\"urlTemplate\":\"https:\/\/scaleimpact.hu\/en\/?s={search_term_string}\"},\"query-input\":{\"@type\":\"PropertyValueSpecification\",\"valueRequired\":true,\"valueName\":\"search_term_string\"}}],\"inLanguage\":\"en-US\"},{\"@type\":\"Organization\",\"@id\":\"https:\/\/scaleimpact.hu\/en\/#organization\",\"name\":\"Scale Impact\",\"url\":\"https:\/\/scaleimpact.hu\/en\/\",\"logo\":{\"@type\":\"ImageObject\",\"inLanguage\":\"en-US\",\"@id\":\"https:\/\/scaleimpact.hu\/en\/#\/schema\/logo\/image\/\",\"url\":\"https:\/\/scaleimpact.hu\/wp-content\/uploads\/2020\/11\/scale-impact-logo.svg\",\"contentUrl\":\"https:\/\/scaleimpact.hu\/wp-content\/uploads\/2020\/11\/scale-impact-logo.svg\",\"width\":225,\"height\":93,\"caption\":\"Scale Impact\"},\"image\":{\"@id\":\"https:\/\/scaleimpact.hu\/en\/#\/schema\/logo\/image\/\"},\"sameAs\":[\"https:\/\/www.facebook.com\/Scaleimp\/\"]},{\"@type\":\"Person\",\"@id\":\"https:\/\/scaleimpact.hu\/en\/#\/schema\/person\/e5fe6ced012fa941ce9c6e9f255c3007\",\"name\":\"L\u00e9vai G\u00e1bor\",\"image\":{\"@type\":\"ImageObject\",\"inLanguage\":\"en-US\",\"@id\":\"https:\/\/secure.gravatar.com\/avatar\/3d58122ad309ae95cbd3de20acc79c58cc52982f8b780ba7df90a40897766577?s=96&d=mm&r=g\",\"url\":\"https:\/\/secure.gravatar.com\/avatar\/3d58122ad309ae95cbd3de20acc79c58cc52982f8b780ba7df90a40897766577?s=96&d=mm&r=g\",\"contentUrl\":\"https:\/\/secure.gravatar.com\/avatar\/3d58122ad309ae95cbd3de20acc79c58cc52982f8b780ba7df90a40897766577?s=96&d=mm&r=g\",\"caption\":\"L\u00e9vai G\u00e1bor\"},\"url\":\"https:\/\/scaleimpact.hu\/en\/author\/levai-gabor\/\"}]}<\/script>\n<!-- \/ Yoast SEO plugin. -->","yoast_head_json":{"title":"Social impact: a value chain approach &#8211; Scale Impact","description":"How can we achieve social impact by thinking in terms of shared value chains (and value creation) between companies and non-profits?","robots":{"index":"index","follow":"follow","max-snippet":"max-snippet:-1","max-image-preview":"max-image-preview:large","max-video-preview":"max-video-preview:-1"},"canonical":"https:\/\/scaleimpact.hu\/en\/social-impact-a-value-chain-approach\/","og_locale":"en_US","og_type":"article","og_title":"Social impact: a value chain approach &#8211; Scale Impact","og_description":"How can we achieve social impact by thinking in terms of shared value chains (and value creation) between companies and non-profits?","og_url":"https:\/\/scaleimpact.hu\/en\/social-impact-a-value-chain-approach\/","og_site_name":"Scale Impact","article_publisher":"https:\/\/www.facebook.com\/Scaleimp\/","article_published_time":"2022-06-23T12:12:32+00:00","article_modified_time":"2024-01-30T15:46:34+00:00","og_image":[{"width":1200,"height":628,"url":"https:\/\/scaleimpact.hu\/wp-content\/uploads\/2022\/06\/Scale-Impact-posztok-4.png","type":"image\/png"}],"author":"L\u00e9vai G\u00e1bor","twitter_card":"summary_large_image","twitter_misc":{"Written by":"L\u00e9vai G\u00e1bor","Est. reading time":"1 minute"},"schema":{"@context":"https:\/\/schema.org","@graph":[{"@type":"Article","@id":"https:\/\/scaleimpact.hu\/en\/social-impact-a-value-chain-approach\/#article","isPartOf":{"@id":"https:\/\/scaleimpact.hu\/en\/social-impact-a-value-chain-approach\/"},"author":{"name":"L\u00e9vai G\u00e1bor","@id":"https:\/\/scaleimpact.hu\/en\/#\/schema\/person\/e5fe6ced012fa941ce9c6e9f255c3007"},"headline":"Social impact: a value chain approach","datePublished":"2022-06-23T12:12:32+00:00","dateModified":"2024-01-30T15:46:34+00:00","mainEntityOfPage":{"@id":"https:\/\/scaleimpact.hu\/en\/social-impact-a-value-chain-approach\/"},"wordCount":290,"publisher":{"@id":"https:\/\/scaleimpact.hu\/en\/#organization"},"image":{"@id":"https:\/\/scaleimpact.hu\/en\/social-impact-a-value-chain-approach\/#primaryimage"},"thumbnailUrl":"https:\/\/scaleimpact.hu\/wp-content\/uploads\/2022\/06\/Scale-Impact-posztok-4.png","inLanguage":"en-US"},{"@type":"WebPage","@id":"https:\/\/scaleimpact.hu\/en\/social-impact-a-value-chain-approach\/","url":"https:\/\/scaleimpact.hu\/en\/social-impact-a-value-chain-approach\/","name":"Social impact: a value chain approach &#8211; Scale Impact","isPartOf":{"@id":"https:\/\/scaleimpact.hu\/en\/#website"},"primaryImageOfPage":{"@id":"https:\/\/scaleimpact.hu\/en\/social-impact-a-value-chain-approach\/#primaryimage"},"image":{"@id":"https:\/\/scaleimpact.hu\/en\/social-impact-a-value-chain-approach\/#primaryimage"},"thumbnailUrl":"https:\/\/scaleimpact.hu\/wp-content\/uploads\/2022\/06\/Scale-Impact-posztok-4.png","datePublished":"2022-06-23T12:12:32+00:00","dateModified":"2024-01-30T15:46:34+00:00","description":"How can we achieve social impact by thinking in terms of shared value chains (and value creation) between companies and non-profits?","breadcrumb":{"@id":"https:\/\/scaleimpact.hu\/en\/social-impact-a-value-chain-approach\/#breadcrumb"},"inLanguage":"en-US","potentialAction":[{"@type":"ReadAction","target":["https:\/\/scaleimpact.hu\/en\/social-impact-a-value-chain-approach\/"]}]},{"@type":"ImageObject","inLanguage":"en-US","@id":"https:\/\/scaleimpact.hu\/en\/social-impact-a-value-chain-approach\/#primaryimage","url":"https:\/\/scaleimpact.hu\/wp-content\/uploads\/2022\/06\/Scale-Impact-posztok-4.png","contentUrl":"https:\/\/scaleimpact.hu\/wp-content\/uploads\/2022\/06\/Scale-Impact-posztok-4.png","width":1200,"height":628},{"@type":"BreadcrumbList","@id":"https:\/\/scaleimpact.hu\/en\/social-impact-a-value-chain-approach\/#breadcrumb","itemListElement":[{"@type":"ListItem","position":1,"name":"Kezd\u0151lap","item":"https:\/\/scaleimpact.hu\/en\/"},{"@type":"ListItem","position":2,"name":"Social impact: a value chain approach"}]},{"@type":"WebSite","@id":"https:\/\/scaleimpact.hu\/en\/#website","url":"https:\/\/scaleimpact.hu\/en\/","name":"Scale Impact","description":"V\u00e1llalatok \u00e9s nonprofit szervezetek egy\u00fcttm\u0171k\u00f6d\u00e9s\u00e9t seg\u00edtj\u00fck.","publisher":{"@id":"https:\/\/scaleimpact.hu\/en\/#organization"},"potentialAction":[{"@type":"SearchAction","target":{"@type":"EntryPoint","urlTemplate":"https:\/\/scaleimpact.hu\/en\/?s={search_term_string}"},"query-input":{"@type":"PropertyValueSpecification","valueRequired":true,"valueName":"search_term_string"}}],"inLanguage":"en-US"},{"@type":"Organization","@id":"https:\/\/scaleimpact.hu\/en\/#organization","name":"Scale Impact","url":"https:\/\/scaleimpact.hu\/en\/","logo":{"@type":"ImageObject","inLanguage":"en-US","@id":"https:\/\/scaleimpact.hu\/en\/#\/schema\/logo\/image\/","url":"https:\/\/scaleimpact.hu\/wp-content\/uploads\/2020\/11\/scale-impact-logo.svg","contentUrl":"https:\/\/scaleimpact.hu\/wp-content\/uploads\/2020\/11\/scale-impact-logo.svg","width":225,"height":93,"caption":"Scale Impact"},"image":{"@id":"https:\/\/scaleimpact.hu\/en\/#\/schema\/logo\/image\/"},"sameAs":["https:\/\/www.facebook.com\/Scaleimp\/"]},{"@type":"Person","@id":"https:\/\/scaleimpact.hu\/en\/#\/schema\/person\/e5fe6ced012fa941ce9c6e9f255c3007","name":"L\u00e9vai G\u00e1bor","image":{"@type":"ImageObject","inLanguage":"en-US","@id":"https:\/\/secure.gravatar.com\/avatar\/3d58122ad309ae95cbd3de20acc79c58cc52982f8b780ba7df90a40897766577?s=96&d=mm&r=g","url":"https:\/\/secure.gravatar.com\/avatar\/3d58122ad309ae95cbd3de20acc79c58cc52982f8b780ba7df90a40897766577?s=96&d=mm&r=g","contentUrl":"https:\/\/secure.gravatar.com\/avatar\/3d58122ad309ae95cbd3de20acc79c58cc52982f8b780ba7df90a40897766577?s=96&d=mm&r=g","caption":"L\u00e9vai G\u00e1bor"},"url":"https:\/\/scaleimpact.hu\/en\/author\/levai-gabor\/"}]}},"_links":{"self":[{"href":"https:\/\/scaleimpact.hu\/en\/wp-json\/wp\/v2\/posts\/2777","targetHints":{"allow":["GET"]}}],"collection":[{"href":"https:\/\/scaleimpact.hu\/en\/wp-json\/wp\/v2\/posts"}],"about":[{"href":"https:\/\/scaleimpact.hu\/en\/wp-json\/wp\/v2\/types\/post"}],"author":[{"embeddable":true,"href":"https:\/\/scaleimpact.hu\/en\/wp-json\/wp\/v2\/users\/6"}],"replies":[{"embeddable":true,"href":"https:\/\/scaleimpact.hu\/en\/wp-json\/wp\/v2\/comments?post=2777"}],"version-history":[{"count":2,"href":"https:\/\/scaleimpact.hu\/en\/wp-json\/wp\/v2\/posts\/2777\/revisions"}],"predecessor-version":[{"id":2779,"href":"https:\/\/scaleimpact.hu\/en\/wp-json\/wp\/v2\/posts\/2777\/revisions\/2779"}],"wp:featuredmedia":[{"embeddable":true,"href":"https:\/\/scaleimpact.hu\/en\/wp-json\/wp\/v2\/media\/2287"}],"wp:attachment":[{"href":"https:\/\/scaleimpact.hu\/en\/wp-json\/wp\/v2\/media?parent=2777"}],"wp:term":[{"taxonomy":"category","embeddable":true,"href":"https:\/\/scaleimpact.hu\/en\/wp-json\/wp\/v2\/categories?post=2777"},{"taxonomy":"post_tag","embeddable":true,"href":"https:\/\/scaleimpact.hu\/en\/wp-json\/wp\/v2\/tags?post=2777"}],"curies":[{"name":"wp","href":"https:\/\/api.w.org\/{rel}","templated":true}]}}